{"id":6888,"date":"2025-01-08T07:34:45","date_gmt":"2025-01-08T07:34:45","guid":{"rendered":"https:\/\/new-muttertheresa-hwv.musaj.com\/?p=6888"},"modified":"2025-03-10T14:39:57","modified_gmt":"2025-03-10T14:39:57","slug":"wir-sind-auch-noch-da-hilfsprojekt-fuer-menschen-mit-beeintraechtigungen","status":"publish","type":"post","link":"https:\/\/mutterteresa-hwv.ch\/al\/wir-sind-auch-noch-da-hilfsprojekt-fuer-menschen-mit-beeintraechtigungen\/","title":{"rendered":"Ne jemi ende k\u00ebtu. Projekt ndihme p\u00ebr njer\u00ebzit me aft\u00ebsi t\u00eb kufizuara"},"content":{"rendered":"<p><strong>C\u00ebrrik (Shqip\u00ebri), mars 2024 \u2013 Shoqata Filizat kujdeset p\u00ebr p\u00ebrkujdesjen dhe<br>pun\u00ebsimin e personave me aft\u00ebsi t\u00eb kufizuara n\u00eb Shqip\u00ebri. Ne kemi privilegjin t\u00eb ndihmojm\u00eb.<\/strong><br><br>C\u00ebrrik (Shqip\u00ebri), mars 2024 \u2013 Shoqata Filizat kujdeset p\u00ebr p\u00ebrkujdesjen dhe<br>Pun\u00ebsimi i personave me aft\u00ebsi t\u00eb kufizuara n\u00eb Shqip\u00ebri. Kemi nderin t\u00eb japim kontributin ton\u00eb.<br>Sistemi shoq\u00ebror n\u00eb Shqip\u00ebri parashikon q\u00eb personat me aft\u00ebsi t\u00eb kufizuara<br>t\u00eb p\u00ebrjashtohen. Kjo b\u00ebn q\u00eb k\u00ebta persona t\u00eb mos ken\u00eb pasur kurr\u00eb mund\u00ebsin\u00eb t\u00eb m\u00ebsojn\u00eb t\u00eb lexojn\u00eb apo t\u00eb shkruajn\u00eb.<br>Shoqata Filizat i merr n\u00eb mbrojtje pik\u00ebrisht k\u00ebta persona dhe u ofron atyre nj\u00eb vend p\u00ebr t\u00eb m\u00ebsuar<br>dhe t\u00eb g\u00ebzimit. Daniell Kollaraja, drejtues i k\u00ebtij projekti, s\u00eb bashku me ekipin e tij n\u00eb terren, mb\u00ebshtet personat me aft\u00ebsi t\u00eb kufizuara me p\u00ebrkushtim dhe dashuri<br>personat q\u00eb jan\u00eb p\u00ebrjashtuar nga sistemi. N\u00eb k\u00ebt\u00eb m\u00ebnyr\u00eb, ai u mund\u00ebson atyre terapi t\u00eb t\u00eb folurit,<br>fizioterapi dhe aktivitete arg\u00ebtuese.<br>P\u00ebr k\u00ebt\u00eb, shoqat\u00ebs i nevojitet mb\u00ebshtetje financiare ose sende materiale si topa, raketa tenisi,<br>loj\u00ebra tavoline apo karroca p\u00ebr persona me aft\u00ebsi t\u00eb kufizuara. Shoqata N\u00ebna Terez\u00eb \u2013 HWV Zvic\u00ebr d\u00ebrgon mb\u00ebshtetje financiare<br>p\u00ebrkrahje dhe u b\u00ebn thirrje t\u00eb gjith\u00eb lexuesve q\u00eb, p\u00ebrmes formularit m\u00eb posht\u00eb, t\u00eb kontribuojn\u00eb duke sh\u00ebnuar si q\u00ebllim<br>\u00abFILIZAT\u00bb, q\u00eb edhe ata t\u00eb b\u00ebjn\u00eb t\u00eb nj\u00ebjt\u00ebn gj\u00eb.<\/p>\n\n\n\n<figure class=\"wp-block-image size-large\"><img fetchpriority=\"high\" decoding=\"async\" width=\"1024\" height=\"516\" src=\"https:\/\/new-muttertheresa-hwv.musaj.com\/wp-content\/uploads\/2024\/07\/filizat-1-1024x516.jpg\" alt=\"\" class=\"wp-image-6092\" srcset=\"https:\/\/mutterteresa-hwv.ch\/wp-content\/uploads\/2024\/07\/filizat-1-1024x516.jpg 1024w, https:\/\/mutterteresa-hwv.ch\/wp-content\/uploads\/2024\/07\/filizat-1-700x353.jpg 700w, https:\/\/mutterteresa-hwv.ch\/wp-content\/uploads\/2024\/07\/filizat-1-600x302.jpg 600w, https:\/\/mutterteresa-hwv.ch\/wp-content\/uploads\/2024\/07\/filizat-1-300x151.jpg 300w, https:\/\/mutterteresa-hwv.ch\/wp-content\/uploads\/2024\/07\/filizat-1-768x387.jpg 768w, https:\/\/mutterteresa-hwv.ch\/wp-content\/uploads\/2024\/07\/filizat-1-18x9.jpg 18w, https:\/\/mutterteresa-hwv.ch\/wp-content\/uploads\/2024\/07\/filizat-1.jpg 1375w\" sizes=\"(max-width: 1024px) 100vw, 1024px\" \/><\/figure>\n\n\n\n<p>P\u00ebr Dit\u00ebn Nd\u00ebrkomb\u00ebtare t\u00eb Gruas m\u00eb 8 Mars, ata kan\u00eb krijuar zemra s\u00eb bashku. Foto: zVg.<\/p>\n\n\n\n<figure class=\"wp-block-image size-full\"><img decoding=\"async\" width=\"820\" height=\"624\" src=\"https:\/\/new-muttertheresa-hwv.musaj.com\/wp-content\/uploads\/2024\/07\/filizat-2.jpg\" alt=\"\" class=\"wp-image-6093\" srcset=\"https:\/\/mutterteresa-hwv.ch\/wp-content\/uploads\/2024\/07\/filizat-2.jpg 820w, https:\/\/mutterteresa-hwv.ch\/wp-content\/uploads\/2024\/07\/filizat-2-700x533.jpg 700w, https:\/\/mutterteresa-hwv.ch\/wp-content\/uploads\/2024\/07\/filizat-2-600x457.jpg 600w, https:\/\/mutterteresa-hwv.ch\/wp-content\/uploads\/2024\/07\/filizat-2-300x228.jpg 300w, https:\/\/mutterteresa-hwv.ch\/wp-content\/uploads\/2024\/07\/filizat-2-768x584.jpg 768w, https:\/\/mutterteresa-hwv.ch\/wp-content\/uploads\/2024\/07\/filizat-2-16x12.jpg 16w\" sizes=\"(max-width: 820px) 100vw, 820px\" \/><\/figure>\n\n\n\n<p>T\u00eb gjith\u00eb lejohen ta zbukurojn\u00eb bim\u00ebn ashtu si\u00e7 u p\u00eblqen. Foto: zVg.<\/p>\n\n\n\n<figure class=\"wp-block-image size-full\"><img decoding=\"async\" width=\"551\" height=\"778\" src=\"https:\/\/new-muttertheresa-hwv.musaj.com\/wp-content\/uploads\/2024\/07\/filizat-3.jpg\" alt=\"\" class=\"wp-image-6094\" srcset=\"https:\/\/mutterteresa-hwv.ch\/wp-content\/uploads\/2024\/07\/filizat-3.jpg 551w, https:\/\/mutterteresa-hwv.ch\/wp-content\/uploads\/2024\/07\/filizat-3-212x300.jpg 212w, https:\/\/mutterteresa-hwv.ch\/wp-content\/uploads\/2024\/07\/filizat-3-8x12.jpg 8w\" sizes=\"(max-width: 551px) 100vw, 551px\" \/><\/figure>\n\n\n\n<p>Po ashtu edhe pikturohet\u2026 Foto: zVg.<\/p>\n\n\n\n<figure class=\"wp-block-image size-large\"><img loading=\"lazy\" decoding=\"async\" width=\"1024\" height=\"744\" src=\"https:\/\/new-muttertheresa-hwv.musaj.com\/wp-content\/uploads\/2024\/07\/filizat-4-1024x744.jpg\" alt=\"\" class=\"wp-image-6095\" srcset=\"https:\/\/mutterteresa-hwv.ch\/wp-content\/uploads\/2024\/07\/filizat-4-1024x744.jpg 1024w, https:\/\/mutterteresa-hwv.ch\/wp-content\/uploads\/2024\/07\/filizat-4-700x508.jpg 700w, https:\/\/mutterteresa-hwv.ch\/wp-content\/uploads\/2024\/07\/filizat-4-600x436.jpg 600w, https:\/\/mutterteresa-hwv.ch\/wp-content\/uploads\/2024\/07\/filizat-4-300x218.jpg 300w, https:\/\/mutterteresa-hwv.ch\/wp-content\/uploads\/2024\/07\/filizat-4-768x558.jpg 768w, https:\/\/mutterteresa-hwv.ch\/wp-content\/uploads\/2024\/07\/filizat-4-18x12.jpg 18w, https:\/\/mutterteresa-hwv.ch\/wp-content\/uploads\/2024\/07\/filizat-4.jpg 1161w\" sizes=\"(max-width: 1024px) 100vw, 1024px\" \/><\/figure>\n\n\n\n<p>\u2026 dhe n\u00eb nj\u00eb atmosfer\u00eb t\u00eb ngroht\u00eb tregohen histori. Foto: zVg.<\/p>","protected":false},"excerpt":{"rendered":"<p>P\u00ebr Dit\u00ebn Nd\u00ebrkomb\u00ebtare t\u00eb Gruas m\u00eb 8 Mars, ata kan\u00eb krijuar zemra s\u00eb bashku. Foto: zVg.<\/p>","protected":false},"author":1,"featured_media":6092,"comment_status":"open","ping_status":"closed","sticky":false,"template":"","format":"standard","meta":{"give_campaign_id":0,"footnotes":""},"categories":[70],"tags":[],"class_list":["post-6888","post","type-post","status-publish","format-standard","has-post-thumbnail","hentry","category-projekte"],"_links":{"self":[{"href":"https:\/\/mutterteresa-hwv.ch\/al\/wp-json\/wp\/v2\/posts\/6888","targetHints":{"allow":["GET"]}}],"collection":[{"href":"https:\/\/mutterteresa-hwv.ch\/al\/wp-json\/wp\/v2\/posts"}],"about":[{"href":"https:\/\/mutterteresa-hwv.ch\/al\/wp-json\/wp\/v2\/types\/post"}],"author":[{"embeddable":true,"href":"https:\/\/mutterteresa-hwv.ch\/al\/wp-json\/wp\/v2\/users\/1"}],"replies":[{"embeddable":true,"href":"https:\/\/mutterteresa-hwv.ch\/al\/wp-json\/wp\/v2\/comments?post=6888"}],"version-history":[{"count":3,"href":"https:\/\/mutterteresa-hwv.ch\/al\/wp-json\/wp\/v2\/posts\/6888\/revisions"}],"predecessor-version":[{"id":6892,"href":"https:\/\/mutterteresa-hwv.ch\/al\/wp-json\/wp\/v2\/posts\/6888\/revisions\/6892"}],"wp:featuredmedia":[{"embeddable":true,"href":"https:\/\/mutterteresa-hwv.ch\/al\/wp-json\/wp\/v2\/media\/6092"}],"wp:attachment":[{"href":"https:\/\/mutterteresa-hwv.ch\/al\/wp-json\/wp\/v2\/media?parent=6888"}],"wp:term":[{"taxonomy":"category","embeddable":true,"href":"https:\/\/mutterteresa-hwv.ch\/al\/wp-json\/wp\/v2\/categories?post=6888"},{"taxonomy":"post_tag","embeddable":true,"href":"https:\/\/mutterteresa-hwv.ch\/al\/wp-json\/wp\/v2\/tags?post=6888"}],"curies":[{"name":"wp","href":"https:\/\/api.w.org\/{rel}","templated":true}]}}