{"id":162,"date":"2021-11-26T10:49:19","date_gmt":"2021-11-26T10:49:19","guid":{"rendered":"https:\/\/wptf.themepul.com\/ecolar\/?p=162"},"modified":"2024-07-19T13:01:13","modified_gmt":"2024-07-19T13:01:13","slug":"projektarbeit-in-der-schweiz-2","status":"publish","type":"post","link":"https:\/\/mutterteresa-hwv.ch\/al\/projektarbeit-in-der-schweiz-2\/","title":{"rendered":"Puna projektive n\u00eb Zvic\u00ebr"},"content":{"rendered":"<p>Me Zvicr\u00ebn, po flasim p\u00ebr nj\u00eb nga vendet m\u00eb t\u00eb pasura t\u00eb bot\u00ebs. Por jo vet\u00ebm financiarisht dhe ekonomikisht ajo ka nj\u00eb avantazh t\u00eb madh. Zvicra gjithashtu mban nj\u00eb pozicion t\u00eb pa dyshuar n\u00eb aspektet arsimore, mjek\u00ebsore, sociale dhe humanitare. \u00c7do medalje ka, megjithat\u00eb, edhe an\u00ebn e saj t\u00eb hidhur.&nbsp;<strong>23,000 f\u00ebmij\u00eb jetim\u00eb, 200,000 prind\u00ebr t\u00eb vet\u00ebm, 10,040 viktima t\u00eb dhun\u00ebs n\u00eb familje dhe 660,000 persona t\u00eb prekur nga varf\u00ebria e t\u00eb ardhurave&nbsp;<\/strong>Zvicra ka regjistruar deri tani. Kjo an\u00eb e hidhur \u00ebsht\u00eb ajo ku&nbsp;<em>N\u00ebn\u00eb Tereza<\/em>&nbsp;do t\u00eb p\u00ebrpiqet t\u00eb veproj\u00eb. Pik\u00ebrisht te ata njer\u00ebz q\u00eb p\u00ebr arsye t\u00eb ndryshme dhe n\u00eb \u00e7do aspekt nuk mund t\u00eb p\u00ebrfitojn\u00eb nga ky pasuri. Fush\u00ebveprimi i ndihm\u00ebs humanitare&nbsp;<em>N\u00ebn\u00eb Tereza<\/em>&nbsp;shtrihet nd\u00ebr t\u00eb tjera nga mbledhjet e dhurimeve p\u00ebr projekte bamir\u00ebsie, mb\u00ebshtetje financiare p\u00ebr fondacione t\u00eb tjera t\u00eb vendosura n\u00eb Zvic\u00ebr, individ\u00eb dhe familje, ushtrimin e aktiviteteve kulturore, deri te puna e integrimit me t\u00eb rinjt\u00eb. Shoqata tregon angazhimin e saj n\u00eb bashk\u00ebpunimin p\u00ebrkat\u00ebs me organizata t\u00eb tjera duke u munduar t\u00eb mbuloj\u00eb detyrat dhe fushat e pun\u00ebs humanitare n\u00eb k\u00ebt\u00eb sektor, t\u00eb cilat nuk trajtohen n\u00eb nj\u00eb mas\u00eb t\u00eb theksuar nga institucionet p\u00ebrkat\u00ebse.<\/p>","protected":false},"excerpt":{"rendered":"<p>Mit der Schweiz, sprechen wir von einem der reichsten L\u00e4nder der Welt. &nbsp;Doch nicht nur finanziell und wirtschaftlich hat sie ihre Nase ganz weit vorne. Die Schweiz nimmt ebenfalls im schulischen, medizinischen, sozialen und humanit\u00e4ren Sinne eine zweifellose Vorzeigeposition ein. Jede Medaille hat aber bedauerlicherweise ihre Kehrseite.&nbsp;23\u2019000 Waisenkinder, 200\u2019000 Alleinerziehende, 10\u2019040 Opfer von h\u00e4uslicher Gewalt [&hellip;]<\/p>","protected":false},"author":1,"featured_media":4015,"comment_status":"open","ping_status":"open","sticky":false,"template":"","format":"standard","meta":{"give_campaign_id":0,"footnotes":""},"categories":[70],"tags":[],"class_list":["post-162","post","type-post","status-publish","format-standard","has-post-thumbnail","hentry","category-projekte"],"_links":{"self":[{"href":"https:\/\/mutterteresa-hwv.ch\/al\/wp-json\/wp\/v2\/posts\/162","targetHints":{"allow":["GET"]}}],"collection":[{"href":"https:\/\/mutterteresa-hwv.ch\/al\/wp-json\/wp\/v2\/posts"}],"about":[{"href":"https:\/\/mutterteresa-hwv.ch\/al\/wp-json\/wp\/v2\/types\/post"}],"author":[{"embeddable":true,"href":"https:\/\/mutterteresa-hwv.ch\/al\/wp-json\/wp\/v2\/users\/1"}],"replies":[{"embeddable":true,"href":"https:\/\/mutterteresa-hwv.ch\/al\/wp-json\/wp\/v2\/comments?post=162"}],"version-history":[{"count":2,"href":"https:\/\/mutterteresa-hwv.ch\/al\/wp-json\/wp\/v2\/posts\/162\/revisions"}],"predecessor-version":[{"id":4014,"href":"https:\/\/mutterteresa-hwv.ch\/al\/wp-json\/wp\/v2\/posts\/162\/revisions\/4014"}],"wp:featuredmedia":[{"embeddable":true,"href":"https:\/\/mutterteresa-hwv.ch\/al\/wp-json\/wp\/v2\/media\/4015"}],"wp:attachment":[{"href":"https:\/\/mutterteresa-hwv.ch\/al\/wp-json\/wp\/v2\/media?parent=162"}],"wp:term":[{"taxonomy":"category","embeddable":true,"href":"https:\/\/mutterteresa-hwv.ch\/al\/wp-json\/wp\/v2\/categories?post=162"},{"taxonomy":"post_tag","embeddable":true,"href":"https:\/\/mutterteresa-hwv.ch\/al\/wp-json\/wp\/v2\/tags?post=162"}],"curies":[{"name":"wp","href":"https:\/\/api.w.org\/{rel}","templated":true}]}}